{"id":489,"date":"2022-06-10T12:29:22","date_gmt":"2022-06-10T10:29:22","guid":{"rendered":"http:\/\/www.bouguenais-contrecourants.org\/blog\/?p=489"},"modified":"2022-06-11T18:22:07","modified_gmt":"2022-06-11T16:22:07","slug":"le-kervegon-fait-carton-plein-pour-la-pentecote","status":"publish","type":"post","link":"https:\/\/www.bouguenais-contrecourants.org\/blog\/index.php\/2022\/06\/10\/le-kervegon-fait-carton-plein-pour-la-pentecote\/","title":{"rendered":"Le Kervegon\u00a0fait carton plein pour la Pentec\u00f4te."},"content":{"rendered":"\n<p class=\"has-drop-cap has-medium-font-size\">C&rsquo;est la r\u00e8gle \u00e0 BCC, n&rsquo;importe quel adh\u00e9rent peut s&rsquo;inscrire sur une navigation ouverte \u00e0 l&rsquo;agenda Voile-Oc\u00e9an, d\u00e8s l&rsquo;instant qu&rsquo;il reste de la place.&nbsp; Pour cette sortie,&nbsp; l&rsquo;\u00e9quipage s&rsquo;est \u00e9toff\u00e9 peu \u00e0 peu. Longtemps avec une seule \u00e9quipi\u00e8re inscrite, puis un autre, puis une autre et \u00e0 4 jours du d\u00e9part, une quatri\u00e8me \u00e9quipi\u00e8re. Soit cinq adultes skipper compris, pour trois jours.<\/p>\n\n\n\n<p class=\"has-medium-font-size\">Mais avec des gens de bonne composition et qui n&rsquo;\u00e9taient pas des novices, cela se devait de fonctionner.<\/p>\n\n\n\n<p class=\"has-medium-font-size\">C&rsquo;est ainsi que le samedi 4 juin, apr\u00e8s avoir fait le plein de gazole (\u00e7a peut servir), le Kervegon a quitt\u00e9 le port du Crouesty, avec un \u00e9quipage majoritaire f\u00e9minin dont une co-skipper elle m\u00eame r\u00e9cemment habilit\u00e9e skipper \u00e0 BCC.<\/p>\n\n\n\n<figure class=\"wp-block-gallery has-nested-images columns-default is-cropped wp-block-gallery-1 is-layout-flex wp-block-gallery-is-layout-flex\">\n<figure class=\"wp-block-image size-large\"><img loading=\"lazy\" decoding=\"async\" width=\"1024\" height=\"576\" data-id=\"490\" src=\"http:\/\/www.bouguenais-contrecourants.org\/blog\/wp-content\/uploads\/2022\/06\/KERVEGON-4-au-6-juin-2022_4-1024x576.jpg\" alt=\"\" class=\"wp-image-490\" srcset=\"https:\/\/www.bouguenais-contrecourants.org\/blog\/wp-content\/uploads\/2022\/06\/KERVEGON-4-au-6-juin-2022_4-1024x576.jpg 1024w, https:\/\/www.bouguenais-contrecourants.org\/blog\/wp-content\/uploads\/2022\/06\/KERVEGON-4-au-6-juin-2022_4-300x169.jpg 300w, https:\/\/www.bouguenais-contrecourants.org\/blog\/wp-content\/uploads\/2022\/06\/KERVEGON-4-au-6-juin-2022_4-768x432.jpg 768w, https:\/\/www.bouguenais-contrecourants.org\/blog\/wp-content\/uploads\/2022\/06\/KERVEGON-4-au-6-juin-2022_4-206x116.jpg 206w, https:\/\/www.bouguenais-contrecourants.org\/blog\/wp-content\/uploads\/2022\/06\/KERVEGON-4-au-6-juin-2022_4.jpg 1224w\" sizes=\"auto, (max-width: 1024px) 100vw, 1024px\" \/><figcaption><strong><em>Bernard, discret, exp\u00e9riment\u00e9 et plein d&rsquo;humour.<\/em><\/strong><\/figcaption><\/figure>\n\n\n\n<figure class=\"wp-block-image size-large\"><img loading=\"lazy\" decoding=\"async\" width=\"1024\" height=\"576\" data-id=\"491\" src=\"http:\/\/www.bouguenais-contrecourants.org\/blog\/wp-content\/uploads\/2022\/06\/KERVEGON-4-au-6-juin-2022_6-1024x576.jpg\" alt=\"\" class=\"wp-image-491\" srcset=\"https:\/\/www.bouguenais-contrecourants.org\/blog\/wp-content\/uploads\/2022\/06\/KERVEGON-4-au-6-juin-2022_6-1024x576.jpg 1024w, https:\/\/www.bouguenais-contrecourants.org\/blog\/wp-content\/uploads\/2022\/06\/KERVEGON-4-au-6-juin-2022_6-300x169.jpg 300w, https:\/\/www.bouguenais-contrecourants.org\/blog\/wp-content\/uploads\/2022\/06\/KERVEGON-4-au-6-juin-2022_6-768x432.jpg 768w, https:\/\/www.bouguenais-contrecourants.org\/blog\/wp-content\/uploads\/2022\/06\/KERVEGON-4-au-6-juin-2022_6-206x116.jpg 206w, https:\/\/www.bouguenais-contrecourants.org\/blog\/wp-content\/uploads\/2022\/06\/KERVEGON-4-au-6-juin-2022_6.jpg 1224w\" sizes=\"auto, (max-width: 1024px) 100vw, 1024px\" \/><figcaption><strong><em>&nbsp;B<\/em><\/strong><em><strong>ernard, Isabelle et Colombe en approche de Belle-Ile. Bonne humeur \u00e0 bord.<\/strong><\/em><\/figcaption><\/figure>\n<\/figure>\n\n\n\n<p class=\"has-medium-font-size\">J&rsquo;ai laiss\u00e9 le choix de la route au second qui nous a fait tirer des bords dans le chenal de la Teignouse  face \u00e0 un l\u00e9ger vent de SW pour rejoindre dans l&rsquo;apr\u00e8s-midi&nbsp; le port du Palais.<\/p>\n\n\n\n<p class=\"has-medium-font-size\">Une fois le bateau bien amarr\u00e9 et la GV&nbsp; rang\u00e9e dans son lazy-bag, l&rsquo;\u00e9quipage est parti&nbsp; profiter des joies de la baignade, puis faire du l\u00e8che vitrine,&nbsp; tandis que le chef de bord restait veiller sur le navire ; et notamment accueillir les in\u00e9vitables bateaux qui allaient venir \u00e0 couple et remplir compl\u00e8tement les espaces libres entre les pontons flottants de l&rsquo;avant port.<\/p>\n\n\n\n<p class=\"has-medium-font-size\">Apr\u00e8s la traditionnelle c\u00e9r\u00e9monie de l&rsquo;ap\u00e9ro suivie du repas \u00e0 bord, la soir\u00e9e s&rsquo;est termin\u00e9e dans un des nombreux bistrots du port, histoire de mieux se connaitre. La nuit f\u00fbt extr\u00eamement calme : prot\u00e9g\u00e9e du vent de SW et les navires serr\u00e9s les uns contre les autres, aucun bruit ni de clapot, ni de grincement de pare-battage, ni de drisse dans les haubanages. (Incroyable en comparaison avec la nuit pass\u00e9e une semaine plut\u00f4t avec du vent de NE).<\/p>\n\n\n\n<p class=\"has-medium-font-size\">Ce dimanche 5 juin, tout le monde a envie de naviguer et c&rsquo;est parti d\u00e8s 9h30. Le vent de SW a forci comme pr\u00e9vu, nous prenons un ris et tirons des bords vers la pointe des Poulains. Certains se font surprendre par quelques paquets de mer, mais tout le monde appr\u00e9cie cette sensation de vraiment&nbsp; faire de la voile, d&rsquo;autant plus sous le soleil &#8230; Il faut attendre au moins 13h \u00e0 la pendule du bord pour virer la cardinale Nord Poulains.&nbsp; Ensuite, on va s&rsquo;\u00e9carter du vent, rel\u00e2cher le ris et r\u00e9aliser ainsi un tour complet de Belle-\u00cele \u00e0 la voile avec cerise sur le g\u00e2teau, de jeunes dauphins qui sont venus \u00ab\u00a0jouer\u00a0\u00bb avec l&rsquo;\u00e9trave du Kervegon.<\/p>\n\n\n\n<figure class=\"wp-block-gallery has-nested-images columns-default is-cropped wp-block-gallery-2 is-layout-flex wp-block-gallery-is-layout-flex\">\n<figure class=\"wp-block-image size-large\"><img loading=\"lazy\" decoding=\"async\" width=\"1024\" height=\"576\" data-id=\"492\" src=\"http:\/\/www.bouguenais-contrecourants.org\/blog\/wp-content\/uploads\/2022\/06\/KERVEGON-4-au-6-juin-2022_5-1024x576.jpg\" alt=\"\" class=\"wp-image-492\" srcset=\"https:\/\/www.bouguenais-contrecourants.org\/blog\/wp-content\/uploads\/2022\/06\/KERVEGON-4-au-6-juin-2022_5-1024x576.jpg 1024w, https:\/\/www.bouguenais-contrecourants.org\/blog\/wp-content\/uploads\/2022\/06\/KERVEGON-4-au-6-juin-2022_5-300x169.jpg 300w, https:\/\/www.bouguenais-contrecourants.org\/blog\/wp-content\/uploads\/2022\/06\/KERVEGON-4-au-6-juin-2022_5-768x432.jpg 768w, https:\/\/www.bouguenais-contrecourants.org\/blog\/wp-content\/uploads\/2022\/06\/KERVEGON-4-au-6-juin-2022_5-206x116.jpg 206w, https:\/\/www.bouguenais-contrecourants.org\/blog\/wp-content\/uploads\/2022\/06\/KERVEGON-4-au-6-juin-2022_5.jpg 1224w\" sizes=\"auto, (max-width: 1024px) 100vw, 1024px\" \/><figcaption><em><strong>Colombe, Anne et un joli voilier qui navigue de conserve.<\/strong><\/em><\/figcaption><\/figure>\n\n\n\n<figure class=\"wp-block-image size-large\"><img loading=\"lazy\" decoding=\"async\" width=\"1024\" height=\"576\" data-id=\"493\" src=\"http:\/\/www.bouguenais-contrecourants.org\/blog\/wp-content\/uploads\/2022\/06\/KERVEGON-4-au-6-juin-2022_12-1024x576.jpg\" alt=\"\" class=\"wp-image-493\" srcset=\"https:\/\/www.bouguenais-contrecourants.org\/blog\/wp-content\/uploads\/2022\/06\/KERVEGON-4-au-6-juin-2022_12-1024x576.jpg 1024w, https:\/\/www.bouguenais-contrecourants.org\/blog\/wp-content\/uploads\/2022\/06\/KERVEGON-4-au-6-juin-2022_12-300x169.jpg 300w, https:\/\/www.bouguenais-contrecourants.org\/blog\/wp-content\/uploads\/2022\/06\/KERVEGON-4-au-6-juin-2022_12-768x432.jpg 768w, https:\/\/www.bouguenais-contrecourants.org\/blog\/wp-content\/uploads\/2022\/06\/KERVEGON-4-au-6-juin-2022_12-206x116.jpg 206w, https:\/\/www.bouguenais-contrecourants.org\/blog\/wp-content\/uploads\/2022\/06\/KERVEGON-4-au-6-juin-2022_12.jpg 1224w\" sizes=\"auto, (max-width: 1024px) 100vw, 1024px\" \/><figcaption><em><strong>Les cir\u00e9s sont de sortie, pour la pluie mais il fait doux avec du vent arri\u00e8re de SW.<\/strong><\/em><\/figcaption><\/figure>\n<\/figure>\n\n\n\n<p class=\"has-medium-font-size\">Retour dans l&rsquo;avant port du Palais \u00e0 18h15.&nbsp; M\u00eame type de sc\u00e9nario que la veille, cette fois-ci, l&rsquo;\u00e9quipage va boire un verre sur le port pour d\u00e9briefer, tandis que le skipper veille sur son navire&#8230;<\/p>\n\n\n\n<figure class=\"wp-block-gallery has-nested-images columns-default is-cropped wp-block-gallery-3 is-layout-flex wp-block-gallery-is-layout-flex\">\n<figure class=\"wp-block-image size-large\"><img loading=\"lazy\" decoding=\"async\" width=\"1024\" height=\"576\" data-id=\"495\" src=\"http:\/\/www.bouguenais-contrecourants.org\/blog\/wp-content\/uploads\/2022\/06\/KERVEGON-4-au-6-juin-2022_7-1024x576.jpg\" alt=\"\" class=\"wp-image-495\" srcset=\"https:\/\/www.bouguenais-contrecourants.org\/blog\/wp-content\/uploads\/2022\/06\/KERVEGON-4-au-6-juin-2022_7-1024x576.jpg 1024w, https:\/\/www.bouguenais-contrecourants.org\/blog\/wp-content\/uploads\/2022\/06\/KERVEGON-4-au-6-juin-2022_7-300x169.jpg 300w, https:\/\/www.bouguenais-contrecourants.org\/blog\/wp-content\/uploads\/2022\/06\/KERVEGON-4-au-6-juin-2022_7-768x432.jpg 768w, https:\/\/www.bouguenais-contrecourants.org\/blog\/wp-content\/uploads\/2022\/06\/KERVEGON-4-au-6-juin-2022_7-206x116.jpg 206w, https:\/\/www.bouguenais-contrecourants.org\/blog\/wp-content\/uploads\/2022\/06\/KERVEGON-4-au-6-juin-2022_7.jpg 1224w\" sizes=\"auto, (max-width: 1024px) 100vw, 1024px\" \/><figcaption><em><strong>Les pontons flottants de l&rsquo;avant port du Palais au petit matin.<\/strong><\/em><\/figcaption><\/figure>\n\n\n\n<figure class=\"wp-block-image size-large\"><img loading=\"lazy\" decoding=\"async\" width=\"1024\" height=\"768\" data-id=\"494\" src=\"http:\/\/www.bouguenais-contrecourants.org\/blog\/wp-content\/uploads\/2022\/06\/KERVEGON-4-au-6-juin-2022_14.jpg\" alt=\"\" class=\"wp-image-494\" srcset=\"https:\/\/www.bouguenais-contrecourants.org\/blog\/wp-content\/uploads\/2022\/06\/KERVEGON-4-au-6-juin-2022_14.jpg 1024w, https:\/\/www.bouguenais-contrecourants.org\/blog\/wp-content\/uploads\/2022\/06\/KERVEGON-4-au-6-juin-2022_14-300x225.jpg 300w, https:\/\/www.bouguenais-contrecourants.org\/blog\/wp-content\/uploads\/2022\/06\/KERVEGON-4-au-6-juin-2022_14-768x576.jpg 768w, https:\/\/www.bouguenais-contrecourants.org\/blog\/wp-content\/uploads\/2022\/06\/KERVEGON-4-au-6-juin-2022_14-155x116.jpg 155w\" sizes=\"auto, (max-width: 1024px) 100vw, 1024px\" \/><figcaption><em><strong>Le coup main du skipper pour trouver le bon cap.<\/strong><\/em><\/figcaption><\/figure>\n<\/figure>\n\n\n\n<p class=\"has-medium-font-size\">La soir\u00e9e se terminera aux fameux bar \u00ab\u00a0La Godaille\u00a0\u00bb, puis comme la veille, une nuit \u00e0 bord sans aucun bruit ni roulis.<\/p>\n\n\n\n<p class=\"has-medium-font-size\">Mais c&rsquo;est d\u00e9j\u00e0 lundi, le vent a molli, la mer est presque plate, nous rentrons tranquillement, grand largue, voire parfois voiles en ciseaux, sous une petite pluie, via le passage de B\u00e9niguet.<\/p>\n\n\n\n<p class=\"has-medium-font-size\">La mayonnaise a pris, l&rsquo;\u00e9quipage a trouv\u00e9 son \u00e9quilibre, tant au niveau relationnel que dans les acquisitions de savoir-faire. Nous avons su partager l&rsquo;espace restreint. Seul b\u00e9mol, la cabine avant est un peu juste pour deux adultes (qui ne sont pas en couple) et notre second a plut\u00f4t mal dormi, il faudrait un \u00ab\u00a0pied\u00a0\u00bb de plus \u00e0 notre fier kervegon.<\/p>\n\n\n\n<p><strong><em>Alain LOUCHE<\/em><\/strong><\/p>\n\n\n\n<figure class=\"wp-block-gallery has-nested-images columns-default is-cropped wp-block-gallery-4 is-layout-flex wp-block-gallery-is-layout-flex\">\n<figure class=\"wp-block-image size-large\"><img loading=\"lazy\" decoding=\"async\" width=\"1024\" height=\"576\" data-id=\"497\" src=\"http:\/\/www.bouguenais-contrecourants.org\/blog\/wp-content\/uploads\/2022\/06\/KERVEGON-4-au-6-juin-2022_9-1024x576.jpg\" alt=\"\" class=\"wp-image-497\" srcset=\"https:\/\/www.bouguenais-contrecourants.org\/blog\/wp-content\/uploads\/2022\/06\/KERVEGON-4-au-6-juin-2022_9-1024x576.jpg 1024w, https:\/\/www.bouguenais-contrecourants.org\/blog\/wp-content\/uploads\/2022\/06\/KERVEGON-4-au-6-juin-2022_9-300x169.jpg 300w, https:\/\/www.bouguenais-contrecourants.org\/blog\/wp-content\/uploads\/2022\/06\/KERVEGON-4-au-6-juin-2022_9-768x432.jpg 768w, https:\/\/www.bouguenais-contrecourants.org\/blog\/wp-content\/uploads\/2022\/06\/KERVEGON-4-au-6-juin-2022_9-206x116.jpg 206w, https:\/\/www.bouguenais-contrecourants.org\/blog\/wp-content\/uploads\/2022\/06\/KERVEGON-4-au-6-juin-2022_9.jpg 1224w\" sizes=\"auto, (max-width: 1024px) 100vw, 1024px\" \/><figcaption><strong><em>C\u00f4te ouest de Belle-\u00cele.<\/em><\/strong><\/figcaption><\/figure>\n\n\n\n<figure class=\"wp-block-image size-large\"><img loading=\"lazy\" decoding=\"async\" width=\"1024\" height=\"576\" data-id=\"496\" src=\"http:\/\/www.bouguenais-contrecourants.org\/blog\/wp-content\/uploads\/2022\/06\/KERVEGON-4-au-6-juin-2022_11-1024x576.jpg\" alt=\"\" class=\"wp-image-496\" srcset=\"https:\/\/www.bouguenais-contrecourants.org\/blog\/wp-content\/uploads\/2022\/06\/KERVEGON-4-au-6-juin-2022_11-1024x576.jpg 1024w, https:\/\/www.bouguenais-contrecourants.org\/blog\/wp-content\/uploads\/2022\/06\/KERVEGON-4-au-6-juin-2022_11-300x169.jpg 300w, https:\/\/www.bouguenais-contrecourants.org\/blog\/wp-content\/uploads\/2022\/06\/KERVEGON-4-au-6-juin-2022_11-768x432.jpg 768w, https:\/\/www.bouguenais-contrecourants.org\/blog\/wp-content\/uploads\/2022\/06\/KERVEGON-4-au-6-juin-2022_11-206x116.jpg 206w, https:\/\/www.bouguenais-contrecourants.org\/blog\/wp-content\/uploads\/2022\/06\/KERVEGON-4-au-6-juin-2022_11.jpg 1224w\" sizes=\"auto, (max-width: 1024px) 100vw, 1024px\" \/><figcaption><em><strong>Magnifique lever de soleil, avant l&rsquo;arriv\u00e9e de la pluie en matin\u00e9e.<\/strong><\/em><\/figcaption><\/figure>\n<\/figure>\n","protected":false},"excerpt":{"rendered":"<p>C&rsquo;est la r\u00e8gle \u00e0 BCC, n&rsquo;importe quel adh\u00e9rent peut s&rsquo;inscrire sur une navigation ouverte \u00e0 l&rsquo;agenda Voile-Oc\u00e9an, d\u00e8s l&rsquo;instant qu&rsquo;il [&hellip;]<\/p>\n","protected":false},"author":1,"featured_media":498,"comment_status":"open","ping_status":"","sticky":false,"template":"","format":"standard","meta":{"advgb_blocks_editor_width":"","advgb_blocks_columns_visual_guide":"","site-sidebar-layout":"default","site-content-layout":"","ast-site-content-layout":"default","site-content-style":"default","site-sidebar-style":"default","ast-global-header-display":"","ast-banner-title-visibility":"","ast-main-header-display":"","ast-hfb-above-header-display":"","ast-hfb-below-header-display":"","ast-hfb-mobile-header-display":"","site-post-title":"","ast-breadcrumbs-content":"","ast-featured-img":"","footer-sml-layout":"","ast-disable-related-posts":"","theme-transparent-header-meta":"","adv-header-id-meta":"","stick-header-meta":"","header-above-stick-meta":"","header-main-stick-meta":"","header-below-stick-meta":"","astra-migrate-meta-layouts":"default","ast-page-background-enabled":"default","ast-page-background-meta":{"desktop":{"background-color":"var(--ast-global-color-4)","background-image":"","background-repeat":"repeat","background-position":"center center","background-size":"auto","background-attachment":"scroll","background-type":"","background-media":"","overlay-type":"","overlay-color":"","overlay-opacity":"","overlay-gradient":""},"tablet":{"background-color":"","background-image":"","background-repeat":"repeat","background-position":"center center","background-size":"auto","background-attachment":"scroll","background-type":"","background-media":"","overlay-type":"","overlay-color":"","overlay-opacity":"","overlay-gradient":""},"mobile":{"background-color":"","background-image":"","background-repeat":"repeat","background-position":"center center","background-size":"auto","background-attachment":"scroll","background-type":"","background-media":"","overlay-type":"","overlay-color":"","overlay-opacity":"","overlay-gradient":""}},"ast-content-background-meta":{"desktop":{"background-color":"var(--ast-global-color-5)","background-image":"","background-repeat":"repeat","background-position":"center center","background-size":"auto","background-attachment":"scroll","background-type":"","background-media":"","overlay-type":"","overlay-color":"","overlay-opacity":"","overlay-gradient":""},"tablet":{"background-color":"var(--ast-global-color-5)","background-image":"","background-repeat":"repeat","background-position":"center center","background-size":"auto","background-attachment":"scroll","background-type":"","background-media":"","overlay-type":"","overlay-color":"","overlay-opacity":"","overlay-gradient":""},"mobile":{"background-color":"var(--ast-global-color-5)","background-image":"","background-repeat":"repeat","background-position":"center center","background-size":"auto","background-attachment":"scroll","background-type":"","background-media":"","overlay-type":"","overlay-color":"","overlay-opacity":"","overlay-gradient":""}},"ngg_post_thumbnail":0,"_jetpack_memberships_contains_paid_content":false,"footnotes":""},"categories":[4],"tags":[],"class_list":["post-489","post","type-post","status-publish","format-standard","has-post-thumbnail","hentry","category-breves-de-navigation"],"author_meta":{"display_name":"bouguenaorbccvdb","author_link":"https:\/\/www.bouguenais-contrecourants.org\/blog\/index.php\/author\/bouguenaorbccvdb\/"},"featured_img":"https:\/\/www.bouguenais-contrecourants.org\/blog\/wp-content\/uploads\/2022\/06\/KERVEGON-4-au-6-juin-2022_11-copie-300x169.jpg","jetpack_featured_media_url":"https:\/\/www.bouguenais-contrecourants.org\/blog\/wp-content\/uploads\/2022\/06\/KERVEGON-4-au-6-juin-2022_11-copie.jpg","coauthors":[],"tax_additional":{"categories":{"linked":["<a href=\"https:\/\/www.bouguenais-contrecourants.org\/blog\/index.php\/category\/breves-de-navigation\/\" class=\"advgb-post-tax-term\">Br\u00e8ves de navigation voile oc\u00e9an<\/a>"],"unlinked":["<span class=\"advgb-post-tax-term\">Br\u00e8ves de navigation voile oc\u00e9an<\/span>"]}},"comment_count":"0","relative_dates":{"created":"Publi\u00e9 4 ans il y a","modified":"Mis \u00e0 jour 4 ans il y a"},"absolute_dates":{"created":"Publi\u00e9 le 10 juin 2022","modified":"Mise \u00e0 jour le 11 juin 2022"},"absolute_dates_time":{"created":"Publi\u00e9 le 10 juin 2022 12h29","modified":"Mise \u00e0 jour le 11 juin 2022 18h22"},"featured_img_caption":"","series_order":"","jetpack_sharing_enabled":true,"_links":{"self":[{"href":"https:\/\/www.bouguenais-contrecourants.org\/blog\/index.php\/wp-json\/wp\/v2\/posts\/489","targetHints":{"allow":["GET"]}}],"collection":[{"href":"https:\/\/www.bouguenais-contrecourants.org\/blog\/index.php\/wp-json\/wp\/v2\/posts"}],"about":[{"href":"https:\/\/www.bouguenais-contrecourants.org\/blog\/index.php\/wp-json\/wp\/v2\/types\/post"}],"author":[{"embeddable":true,"href":"https:\/\/www.bouguenais-contrecourants.org\/blog\/index.php\/wp-json\/wp\/v2\/users\/1"}],"replies":[{"embeddable":true,"href":"https:\/\/www.bouguenais-contrecourants.org\/blog\/index.php\/wp-json\/wp\/v2\/comments?post=489"}],"version-history":[{"count":3,"href":"https:\/\/www.bouguenais-contrecourants.org\/blog\/index.php\/wp-json\/wp\/v2\/posts\/489\/revisions"}],"predecessor-version":[{"id":502,"href":"https:\/\/www.bouguenais-contrecourants.org\/blog\/index.php\/wp-json\/wp\/v2\/posts\/489\/revisions\/502"}],"wp:featuredmedia":[{"embeddable":true,"href":"https:\/\/www.bouguenais-contrecourants.org\/blog\/index.php\/wp-json\/wp\/v2\/media\/498"}],"wp:attachment":[{"href":"https:\/\/www.bouguenais-contrecourants.org\/blog\/index.php\/wp-json\/wp\/v2\/media?parent=489"}],"wp:term":[{"taxonomy":"category","embeddable":true,"href":"https:\/\/www.bouguenais-contrecourants.org\/blog\/index.php\/wp-json\/wp\/v2\/categories?post=489"},{"taxonomy":"post_tag","embeddable":true,"href":"https:\/\/www.bouguenais-contrecourants.org\/blog\/index.php\/wp-json\/wp\/v2\/tags?post=489"}],"curies":[{"name":"wp","href":"https:\/\/api.w.org\/{rel}","templated":true}]}}