{"id":973,"date":"2023-09-11T19:18:45","date_gmt":"2023-09-11T17:18:45","guid":{"rendered":"http:\/\/www.bouguenais-contrecourants.org\/blog\/?p=973"},"modified":"2023-09-13T08:45:57","modified_gmt":"2023-09-13T06:45:57","slug":"bcc-kervegon-croisiere-iberique","status":"publish","type":"post","link":"https:\/\/www.bouguenais-contrecourants.org\/blog\/index.php\/2023\/09\/11\/bcc-kervegon-croisiere-iberique\/","title":{"rendered":"BCC KERVEGON \/ Croisi\u00e8re Ib\u00e9rique\u2026"},"content":{"rendered":"\n<p class=\"has-drop-cap has-medium-font-size\">\u00c9tape 1, du Crouesty \u00e0 Rochefort, d\u00e9part 16 Juillet 2023<br>\u00a0<br>Les acteurs\u2026<br>Ad\u00e9la\u00efde, charmante \u00c9quipi\u00e8re, \u00e0 la d\u00e9couverte d&rsquo;une nouvelle activit\u00e9 ;<br>Claude, ancien de la Royale, cinq ann\u00e9es d&rsquo;exp\u00e9riences sur Porte Avions, donc sans voile ;<br>Pierre, lui aussi plut\u00f4t novice\u2026<br>Jean Pierre (Jeannot pour les intimes), le Capitaine, exp\u00e9riment\u00e9 par d\u00e9finition.<br>Bref, la d\u00e9couverte de la Marine \u00e0 Voiles, du moins pour les \u00c9quipiers.<\/p>\n\n\n\n<figure class=\"wp-block-gallery has-nested-images columns-default is-cropped wp-block-gallery-1 is-layout-flex wp-block-gallery-is-layout-flex\">\n<figure class=\"wp-block-image size-large\"><a href=\"http:\/\/www.bouguenais-contrecourants.org\/blog\/wp-content\/uploads\/2023\/09\/CI_001_Equipiers.jpg\"><img loading=\"lazy\" decoding=\"async\" width=\"1000\" height=\"563\" data-id=\"974\" src=\"http:\/\/www.bouguenais-contrecourants.org\/blog\/wp-content\/uploads\/2023\/09\/CI_001_Equipiers.jpg\" alt=\"\" class=\"wp-image-974\" srcset=\"https:\/\/www.bouguenais-contrecourants.org\/blog\/wp-content\/uploads\/2023\/09\/CI_001_Equipiers.jpg 1000w, https:\/\/www.bouguenais-contrecourants.org\/blog\/wp-content\/uploads\/2023\/09\/CI_001_Equipiers-300x169.jpg 300w, https:\/\/www.bouguenais-contrecourants.org\/blog\/wp-content\/uploads\/2023\/09\/CI_001_Equipiers-768x432.jpg 768w, https:\/\/www.bouguenais-contrecourants.org\/blog\/wp-content\/uploads\/2023\/09\/CI_001_Equipiers-206x116.jpg 206w\" sizes=\"auto, (max-width: 1000px) 100vw, 1000px\" \/><\/a><\/figure>\n<\/figure>\n\n\n\n<p class=\"has-medium-font-size\">15\/07 Le Crouesty : comment allons nous g\u00e9rer l&rsquo;avitaillement ? Plut\u00f4t que d&#8217;empiler des produits divers en quantit\u00e9 al\u00e9atoire et aviser en mer ce que l&rsquo;on va en faire, le Capitaine sugg\u00e8re \u00e0 chacun d&rsquo;imaginer 2 repas, et approvisionner la marchandise n\u00e9cessaire. Nous voici donc avec 8 repas diversifi\u00e9s, et de qualit\u00e9 ! De quoi garantir le moral des Marins si besoin ! Et l&rsquo;on voit ci dessous, que sans abus, ce n&rsquo;est pas une mince affaire. Brouette disponible sur site, heureusement !<\/p>\n\n\n\n<figure class=\"wp-block-gallery has-nested-images columns-default is-cropped wp-block-gallery-2 is-layout-flex wp-block-gallery-is-layout-flex\">\n<figure class=\"wp-block-image size-large\"><a href=\"http:\/\/www.bouguenais-contrecourants.org\/blog\/wp-content\/uploads\/2023\/09\/CI_002_Avitaillement.jpg\"><img loading=\"lazy\" decoding=\"async\" width=\"1000\" height=\"563\" data-id=\"975\" src=\"http:\/\/www.bouguenais-contrecourants.org\/blog\/wp-content\/uploads\/2023\/09\/CI_002_Avitaillement.jpg\" alt=\"\" class=\"wp-image-975\" srcset=\"https:\/\/www.bouguenais-contrecourants.org\/blog\/wp-content\/uploads\/2023\/09\/CI_002_Avitaillement.jpg 1000w, https:\/\/www.bouguenais-contrecourants.org\/blog\/wp-content\/uploads\/2023\/09\/CI_002_Avitaillement-300x169.jpg 300w, https:\/\/www.bouguenais-contrecourants.org\/blog\/wp-content\/uploads\/2023\/09\/CI_002_Avitaillement-768x432.jpg 768w, https:\/\/www.bouguenais-contrecourants.org\/blog\/wp-content\/uploads\/2023\/09\/CI_002_Avitaillement-206x116.jpg 206w\" sizes=\"auto, (max-width: 1000px) 100vw, 1000px\" \/><\/a><\/figure>\n\n\n\n<figure class=\"wp-block-image size-large\"><a href=\"http:\/\/www.bouguenais-contrecourants.org\/blog\/wp-content\/uploads\/2023\/09\/CI_003_Kervegon.jpg\"><img loading=\"lazy\" decoding=\"async\" width=\"1000\" height=\"563\" data-id=\"976\" src=\"http:\/\/www.bouguenais-contrecourants.org\/blog\/wp-content\/uploads\/2023\/09\/CI_003_Kervegon.jpg\" alt=\"\" class=\"wp-image-976\" srcset=\"https:\/\/www.bouguenais-contrecourants.org\/blog\/wp-content\/uploads\/2023\/09\/CI_003_Kervegon.jpg 1000w, https:\/\/www.bouguenais-contrecourants.org\/blog\/wp-content\/uploads\/2023\/09\/CI_003_Kervegon-300x169.jpg 300w, https:\/\/www.bouguenais-contrecourants.org\/blog\/wp-content\/uploads\/2023\/09\/CI_003_Kervegon-768x432.jpg 768w, https:\/\/www.bouguenais-contrecourants.org\/blog\/wp-content\/uploads\/2023\/09\/CI_003_Kervegon-206x116.jpg 206w\" sizes=\"auto, (max-width: 1000px) 100vw, 1000px\" \/><\/a><\/figure>\n<\/figure>\n\n\n\n<p class=\"has-medium-font-size\">Pr\u00eat \u00e0 larguer les amarres ! Mais avant cela le Capitaine va nous faire les rappels de s\u00e9curit\u00e9 et nous expliquer l&rsquo;art des man\u0153uvres \u00a0\u00bbpropres\u00a0\u00bb (comprenez, dans les r\u00e8gles de l&rsquo;art). Les novices apprendront au passage l&rsquo;usage des bons termes marins : aussi\u00e8res, garde, pointe, embelle\u2026<\/p>\n\n\n\n<p class=\"has-medium-font-size\">16\/07 Cap \u00eele d&rsquo;Yeu. Jeannot nous trace cela pile poil\u2026 tenant compte de la situation m\u00e9t\u00e9o<\/p>\n\n\n\n<figure class=\"wp-block-gallery has-nested-images columns-default is-cropped wp-block-gallery-3 is-layout-flex wp-block-gallery-is-layout-flex\">\n<figure class=\"wp-block-image size-large\"><a href=\"http:\/\/www.bouguenais-contrecourants.org\/blog\/wp-content\/uploads\/2023\/09\/CI_005_Adelaide.jpg\"><img loading=\"lazy\" decoding=\"async\" width=\"1000\" height=\"563\" data-id=\"977\" src=\"http:\/\/www.bouguenais-contrecourants.org\/blog\/wp-content\/uploads\/2023\/09\/CI_005_Adelaide.jpg\" alt=\"\" class=\"wp-image-977\" srcset=\"https:\/\/www.bouguenais-contrecourants.org\/blog\/wp-content\/uploads\/2023\/09\/CI_005_Adelaide.jpg 1000w, https:\/\/www.bouguenais-contrecourants.org\/blog\/wp-content\/uploads\/2023\/09\/CI_005_Adelaide-300x169.jpg 300w, https:\/\/www.bouguenais-contrecourants.org\/blog\/wp-content\/uploads\/2023\/09\/CI_005_Adelaide-768x432.jpg 768w, https:\/\/www.bouguenais-contrecourants.org\/blog\/wp-content\/uploads\/2023\/09\/CI_005_Adelaide-206x116.jpg 206w\" sizes=\"auto, (max-width: 1000px) 100vw, 1000px\" \/><\/a><\/figure>\n<\/figure>\n\n\n\n<p class=\"has-medium-font-size\">La mer a d\u00e9cid\u00e9 de se lever\u2026 Mauvais temps pour les estomacs d\u00e9licats \u2026 Les seaux sont de sortie. C&rsquo;est aussi cela la plaisance, mais cela passe.<\/p>\n\n\n\n<figure class=\"wp-block-gallery has-nested-images columns-default is-cropped wp-block-gallery-4 is-layout-flex wp-block-gallery-is-layout-flex\">\n<figure class=\"wp-block-image size-large\"><a href=\"http:\/\/www.bouguenais-contrecourants.org\/blog\/wp-content\/uploads\/2023\/09\/CI_006_Mal-de-Mer.jpg\"><img loading=\"lazy\" decoding=\"async\" width=\"1414\" height=\"700\" data-id=\"978\" src=\"http:\/\/www.bouguenais-contrecourants.org\/blog\/wp-content\/uploads\/2023\/09\/CI_006_Mal-de-Mer.jpg\" alt=\"\" class=\"wp-image-978\" srcset=\"https:\/\/www.bouguenais-contrecourants.org\/blog\/wp-content\/uploads\/2023\/09\/CI_006_Mal-de-Mer.jpg 1414w, https:\/\/www.bouguenais-contrecourants.org\/blog\/wp-content\/uploads\/2023\/09\/CI_006_Mal-de-Mer-300x149.jpg 300w, https:\/\/www.bouguenais-contrecourants.org\/blog\/wp-content\/uploads\/2023\/09\/CI_006_Mal-de-Mer-768x380.jpg 768w, https:\/\/www.bouguenais-contrecourants.org\/blog\/wp-content\/uploads\/2023\/09\/CI_006_Mal-de-Mer-228x113.jpg 228w\" sizes=\"auto, (max-width: 1414px) 100vw, 1414px\" \/><\/a><\/figure>\n<\/figure>\n\n\n\n<p class=\"has-medium-font-size\">Dans la foul\u00e9e, 1er obstacle en vue\u2026 champs d&rsquo;\u00e9oliennes\u2026<br>Claude, curieux, aimerait voir cela de plus pr\u00e8s \u2026 Sous le vent et en respectant le balisage suivant recommandations du Capitaine.<\/p>\n\n\n\n<figure class=\"wp-block-gallery has-nested-images columns-default is-cropped wp-block-gallery-5 is-layout-flex wp-block-gallery-is-layout-flex\">\n<figure class=\"wp-block-image size-large\"><a href=\"http:\/\/www.bouguenais-contrecourants.org\/blog\/wp-content\/uploads\/2023\/09\/CI_007_eolienne.jpg\"><img loading=\"lazy\" decoding=\"async\" width=\"1000\" height=\"667\" data-id=\"979\" src=\"http:\/\/www.bouguenais-contrecourants.org\/blog\/wp-content\/uploads\/2023\/09\/CI_007_eolienne.jpg\" alt=\"\" class=\"wp-image-979\" srcset=\"https:\/\/www.bouguenais-contrecourants.org\/blog\/wp-content\/uploads\/2023\/09\/CI_007_eolienne.jpg 1000w, https:\/\/www.bouguenais-contrecourants.org\/blog\/wp-content\/uploads\/2023\/09\/CI_007_eolienne-300x200.jpg 300w, https:\/\/www.bouguenais-contrecourants.org\/blog\/wp-content\/uploads\/2023\/09\/CI_007_eolienne-768x512.jpg 768w, https:\/\/www.bouguenais-contrecourants.org\/blog\/wp-content\/uploads\/2023\/09\/CI_007_eolienne-174x116.jpg 174w\" sizes=\"auto, (max-width: 1000px) 100vw, 1000px\" \/><\/a><\/figure>\n<\/figure>\n\n\n\n<p class=\"has-medium-font-size\">Autre obstacle, mobile celui ci, imposant l&rsquo;application du RIPAM (R\u00e8glement International pour Pr\u00e9venir les Abordages en Mer). Petite le\u00e7on compl\u00e9mentaire dispens\u00e9e par le Capitaine (l&rsquo;\u00e9quipage progresse).<\/p>\n\n\n\n<figure class=\"wp-block-gallery has-nested-images columns-default is-cropped wp-block-gallery-6 is-layout-flex wp-block-gallery-is-layout-flex\">\n<figure class=\"wp-block-image size-large\"><a href=\"http:\/\/www.bouguenais-contrecourants.org\/blog\/wp-content\/uploads\/2023\/09\/CI_008_croisement.jpg\"><img loading=\"lazy\" decoding=\"async\" width=\"667\" height=\"1000\" data-id=\"980\" src=\"http:\/\/www.bouguenais-contrecourants.org\/blog\/wp-content\/uploads\/2023\/09\/CI_008_croisement.jpg\" alt=\"\" class=\"wp-image-980\" srcset=\"https:\/\/www.bouguenais-contrecourants.org\/blog\/wp-content\/uploads\/2023\/09\/CI_008_croisement.jpg 667w, https:\/\/www.bouguenais-contrecourants.org\/blog\/wp-content\/uploads\/2023\/09\/CI_008_croisement-200x300.jpg 200w, https:\/\/www.bouguenais-contrecourants.org\/blog\/wp-content\/uploads\/2023\/09\/CI_008_croisement-77x116.jpg 77w\" sizes=\"auto, (max-width: 667px) 100vw, 667px\" \/><\/a><\/figure>\n\n\n\n<figure class=\"wp-block-image size-large\"><a href=\"http:\/\/www.bouguenais-contrecourants.org\/blog\/wp-content\/uploads\/2023\/09\/CI_009_Mer.jpg\"><img loading=\"lazy\" decoding=\"async\" width=\"1000\" height=\"563\" data-id=\"981\" src=\"http:\/\/www.bouguenais-contrecourants.org\/blog\/wp-content\/uploads\/2023\/09\/CI_009_Mer.jpg\" alt=\"\" class=\"wp-image-981\" srcset=\"https:\/\/www.bouguenais-contrecourants.org\/blog\/wp-content\/uploads\/2023\/09\/CI_009_Mer.jpg 1000w, https:\/\/www.bouguenais-contrecourants.org\/blog\/wp-content\/uploads\/2023\/09\/CI_009_Mer-300x169.jpg 300w, https:\/\/www.bouguenais-contrecourants.org\/blog\/wp-content\/uploads\/2023\/09\/CI_009_Mer-768x432.jpg 768w, https:\/\/www.bouguenais-contrecourants.org\/blog\/wp-content\/uploads\/2023\/09\/CI_009_Mer-206x116.jpg 206w\" sizes=\"auto, (max-width: 1000px) 100vw, 1000px\" \/><\/a><\/figure>\n<\/figure>\n\n\n\n<p class=\"has-medium-font-size\">Arriv\u00e9e \u00e0 l&rsquo;\u00eele d&rsquo;Yeu<\/p>\n\n\n\n<figure class=\"wp-block-gallery has-nested-images columns-default is-cropped wp-block-gallery-7 is-layout-flex wp-block-gallery-is-layout-flex\">\n<figure class=\"wp-block-image size-large\"><a href=\"http:\/\/www.bouguenais-contrecourants.org\/blog\/wp-content\/uploads\/2023\/09\/CI_010_Joinville.jpg\"><img loading=\"lazy\" decoding=\"async\" width=\"722\" height=\"431\" data-id=\"983\" src=\"http:\/\/www.bouguenais-contrecourants.org\/blog\/wp-content\/uploads\/2023\/09\/CI_010_Joinville.jpg\" alt=\"\" class=\"wp-image-983\" srcset=\"https:\/\/www.bouguenais-contrecourants.org\/blog\/wp-content\/uploads\/2023\/09\/CI_010_Joinville.jpg 722w, https:\/\/www.bouguenais-contrecourants.org\/blog\/wp-content\/uploads\/2023\/09\/CI_010_Joinville-300x179.jpg 300w, https:\/\/www.bouguenais-contrecourants.org\/blog\/wp-content\/uploads\/2023\/09\/CI_010_Joinville-194x116.jpg 194w\" sizes=\"auto, (max-width: 722px) 100vw, 722px\" \/><\/a><\/figure>\n\n\n\n<figure class=\"wp-block-image size-large\"><a href=\"http:\/\/www.bouguenais-contrecourants.org\/blog\/wp-content\/uploads\/2023\/09\/CI_011_Capitaine.jpg\"><img loading=\"lazy\" decoding=\"async\" width=\"1021\" height=\"517\" data-id=\"984\" src=\"http:\/\/www.bouguenais-contrecourants.org\/blog\/wp-content\/uploads\/2023\/09\/CI_011_Capitaine.jpg\" alt=\"\" class=\"wp-image-984\" srcset=\"https:\/\/www.bouguenais-contrecourants.org\/blog\/wp-content\/uploads\/2023\/09\/CI_011_Capitaine.jpg 1021w, https:\/\/www.bouguenais-contrecourants.org\/blog\/wp-content\/uploads\/2023\/09\/CI_011_Capitaine-300x152.jpg 300w, https:\/\/www.bouguenais-contrecourants.org\/blog\/wp-content\/uploads\/2023\/09\/CI_011_Capitaine-768x389.jpg 768w, https:\/\/www.bouguenais-contrecourants.org\/blog\/wp-content\/uploads\/2023\/09\/CI_011_Capitaine-228x116.jpg 228w\" sizes=\"auto, (max-width: 1021px) 100vw, 1021px\" \/><\/a><\/figure>\n\n\n\n<figure class=\"wp-block-image size-large\"><a href=\"http:\/\/www.bouguenais-contrecourants.org\/blog\/wp-content\/uploads\/2023\/09\/CI_012_Creperie.jpg\"><img loading=\"lazy\" decoding=\"async\" width=\"1068\" height=\"521\" data-id=\"982\" src=\"http:\/\/www.bouguenais-contrecourants.org\/blog\/wp-content\/uploads\/2023\/09\/CI_012_Creperie.jpg\" alt=\"\" class=\"wp-image-982\" srcset=\"https:\/\/www.bouguenais-contrecourants.org\/blog\/wp-content\/uploads\/2023\/09\/CI_012_Creperie.jpg 1068w, https:\/\/www.bouguenais-contrecourants.org\/blog\/wp-content\/uploads\/2023\/09\/CI_012_Creperie-300x146.jpg 300w, https:\/\/www.bouguenais-contrecourants.org\/blog\/wp-content\/uploads\/2023\/09\/CI_012_Creperie-768x375.jpg 768w, https:\/\/www.bouguenais-contrecourants.org\/blog\/wp-content\/uploads\/2023\/09\/CI_012_Creperie-228x111.jpg 228w\" sizes=\"auto, (max-width: 1068px) 100vw, 1068px\" \/><\/a><\/figure>\n\n\n\n<figure class=\"wp-block-image size-large\"><a href=\"http:\/\/www.bouguenais-contrecourants.org\/blog\/wp-content\/uploads\/2023\/09\/CI_13_Yeu.jpg\"><img loading=\"lazy\" decoding=\"async\" width=\"1000\" height=\"562\" data-id=\"985\" src=\"http:\/\/www.bouguenais-contrecourants.org\/blog\/wp-content\/uploads\/2023\/09\/CI_13_Yeu.jpg\" alt=\"\" class=\"wp-image-985\" srcset=\"https:\/\/www.bouguenais-contrecourants.org\/blog\/wp-content\/uploads\/2023\/09\/CI_13_Yeu.jpg 1000w, https:\/\/www.bouguenais-contrecourants.org\/blog\/wp-content\/uploads\/2023\/09\/CI_13_Yeu-300x169.jpg 300w, https:\/\/www.bouguenais-contrecourants.org\/blog\/wp-content\/uploads\/2023\/09\/CI_13_Yeu-768x432.jpg 768w, https:\/\/www.bouguenais-contrecourants.org\/blog\/wp-content\/uploads\/2023\/09\/CI_13_Yeu-206x116.jpg 206w\" sizes=\"auto, (max-width: 1000px) 100vw, 1000px\" \/><\/a><\/figure>\n\n\n\n<figure class=\"wp-block-image size-large\"><a href=\"http:\/\/www.bouguenais-contrecourants.org\/blog\/wp-content\/uploads\/2023\/09\/CI_14_Port_Yeu.jpg\"><img loading=\"lazy\" decoding=\"async\" width=\"1000\" height=\"563\" data-id=\"986\" src=\"http:\/\/www.bouguenais-contrecourants.org\/blog\/wp-content\/uploads\/2023\/09\/CI_14_Port_Yeu.jpg\" alt=\"\" class=\"wp-image-986\" srcset=\"https:\/\/www.bouguenais-contrecourants.org\/blog\/wp-content\/uploads\/2023\/09\/CI_14_Port_Yeu.jpg 1000w, https:\/\/www.bouguenais-contrecourants.org\/blog\/wp-content\/uploads\/2023\/09\/CI_14_Port_Yeu-300x169.jpg 300w, https:\/\/www.bouguenais-contrecourants.org\/blog\/wp-content\/uploads\/2023\/09\/CI_14_Port_Yeu-768x432.jpg 768w, https:\/\/www.bouguenais-contrecourants.org\/blog\/wp-content\/uploads\/2023\/09\/CI_14_Port_Yeu-206x116.jpg 206w\" sizes=\"auto, (max-width: 1000px) 100vw, 1000px\" \/><\/a><\/figure>\n<\/figure>\n\n\n\n<p class=\"has-medium-font-size\">De l&rsquo;\u00eele d&rsquo;Yeu vers les Sables d&rsquo;Olonne<br>La mer s&rsquo;est calm\u00e9e, moins de vent\u2026 On va finir par regretter nos 5 \u00e0 6 n\u0153uds du trajet vers l&rsquo;\u00eele d&rsquo;Yeu. Tiens ! Vu le calme ambiant, si l&rsquo;on faisait une partie de p\u00eache ? Trop amusante, mais trop courte. Les maquereaux se jetaient sur les hame\u00e7ons ! Et la r\u00e8gle est que l&rsquo;on mange tout ce que l&rsquo;on p\u00eache. Et l&rsquo;on ne voulait pas maquereaux matin midi et soir\u2026<\/p>\n\n\n\n<figure class=\"wp-block-gallery has-nested-images columns-default is-cropped wp-block-gallery-8 is-layout-flex wp-block-gallery-is-layout-flex\">\n<figure class=\"wp-block-image size-large\"><a href=\"http:\/\/www.bouguenais-contrecourants.org\/blog\/wp-content\/uploads\/2023\/09\/CI_15_Maquereaux.jpg\"><img loading=\"lazy\" decoding=\"async\" width=\"889\" height=\"403\" data-id=\"987\" src=\"http:\/\/www.bouguenais-contrecourants.org\/blog\/wp-content\/uploads\/2023\/09\/CI_15_Maquereaux.jpg\" alt=\"\" class=\"wp-image-987\" srcset=\"https:\/\/www.bouguenais-contrecourants.org\/blog\/wp-content\/uploads\/2023\/09\/CI_15_Maquereaux.jpg 889w, https:\/\/www.bouguenais-contrecourants.org\/blog\/wp-content\/uploads\/2023\/09\/CI_15_Maquereaux-300x136.jpg 300w, https:\/\/www.bouguenais-contrecourants.org\/blog\/wp-content\/uploads\/2023\/09\/CI_15_Maquereaux-768x348.jpg 768w, https:\/\/www.bouguenais-contrecourants.org\/blog\/wp-content\/uploads\/2023\/09\/CI_15_Maquereaux-228x103.jpg 228w\" sizes=\"auto, (max-width: 889px) 100vw, 889px\" \/><\/a><\/figure>\n<\/figure>\n\n\n\n<p class=\"has-medium-font-size\">Et puisque l&rsquo;on parle alimentation, malgr\u00e9 l&rsquo;espace minimaliste de la cuisine, pas question de succomber \u00e0 la \u00a0\u00bbboite de conserve\u00a0\u00bb. On veut du frais, du bio, cuisin\u00e9 ! Preuves que c&rsquo;est possible.<\/p>\n\n\n\n<figure class=\"wp-block-gallery has-nested-images columns-default is-cropped wp-block-gallery-9 is-layout-flex wp-block-gallery-is-layout-flex\">\n<figure class=\"wp-block-image size-large\"><a href=\"http:\/\/www.bouguenais-contrecourants.org\/blog\/wp-content\/uploads\/2023\/09\/CI_16_Cuisine.jpg\"><img loading=\"lazy\" decoding=\"async\" width=\"1000\" height=\"762\" data-id=\"988\" src=\"http:\/\/www.bouguenais-contrecourants.org\/blog\/wp-content\/uploads\/2023\/09\/CI_16_Cuisine.jpg\" alt=\"\" class=\"wp-image-988\" srcset=\"https:\/\/www.bouguenais-contrecourants.org\/blog\/wp-content\/uploads\/2023\/09\/CI_16_Cuisine.jpg 1000w, https:\/\/www.bouguenais-contrecourants.org\/blog\/wp-content\/uploads\/2023\/09\/CI_16_Cuisine-300x229.jpg 300w, https:\/\/www.bouguenais-contrecourants.org\/blog\/wp-content\/uploads\/2023\/09\/CI_16_Cuisine-768x585.jpg 768w, https:\/\/www.bouguenais-contrecourants.org\/blog\/wp-content\/uploads\/2023\/09\/CI_16_Cuisine-152x116.jpg 152w\" sizes=\"auto, (max-width: 1000px) 100vw, 1000px\" \/><\/a><\/figure>\n<\/figure>\n\n\n\n<figure class=\"wp-block-gallery has-nested-images columns-default is-cropped wp-block-gallery-10 is-layout-flex wp-block-gallery-is-layout-flex\">\n<figure class=\"wp-block-image size-large\"><a href=\"http:\/\/www.bouguenais-contrecourants.org\/blog\/wp-content\/uploads\/2023\/09\/CI_17_basquaise.jpg\"><img loading=\"lazy\" decoding=\"async\" width=\"1000\" height=\"462\" data-id=\"989\" src=\"http:\/\/www.bouguenais-contrecourants.org\/blog\/wp-content\/uploads\/2023\/09\/CI_17_basquaise.jpg\" alt=\"\" class=\"wp-image-989\" srcset=\"https:\/\/www.bouguenais-contrecourants.org\/blog\/wp-content\/uploads\/2023\/09\/CI_17_basquaise.jpg 1000w, https:\/\/www.bouguenais-contrecourants.org\/blog\/wp-content\/uploads\/2023\/09\/CI_17_basquaise-300x139.jpg 300w, https:\/\/www.bouguenais-contrecourants.org\/blog\/wp-content\/uploads\/2023\/09\/CI_17_basquaise-768x355.jpg 768w, https:\/\/www.bouguenais-contrecourants.org\/blog\/wp-content\/uploads\/2023\/09\/CI_17_basquaise-228x105.jpg 228w\" sizes=\"auto, (max-width: 1000px) 100vw, 1000px\" \/><\/a><\/figure>\n<\/figure>\n\n\n\n<p>L&rsquo;entr\u00e9e du port des Sables d&rsquo;Olonne<\/p>\n\n\n\n<figure class=\"wp-block-gallery has-nested-images columns-default is-cropped wp-block-gallery-11 is-layout-flex wp-block-gallery-is-layout-flex\">\n<figure class=\"wp-block-image size-large\"><a href=\"http:\/\/www.bouguenais-contrecourants.org\/blog\/wp-content\/uploads\/2023\/09\/CI_18_Olonne.jpg\"><img loading=\"lazy\" decoding=\"async\" width=\"1000\" height=\"462\" data-id=\"990\" src=\"http:\/\/www.bouguenais-contrecourants.org\/blog\/wp-content\/uploads\/2023\/09\/CI_18_Olonne.jpg\" alt=\"\" class=\"wp-image-990\" srcset=\"https:\/\/www.bouguenais-contrecourants.org\/blog\/wp-content\/uploads\/2023\/09\/CI_18_Olonne.jpg 1000w, https:\/\/www.bouguenais-contrecourants.org\/blog\/wp-content\/uploads\/2023\/09\/CI_18_Olonne-300x139.jpg 300w, https:\/\/www.bouguenais-contrecourants.org\/blog\/wp-content\/uploads\/2023\/09\/CI_18_Olonne-768x355.jpg 768w, https:\/\/www.bouguenais-contrecourants.org\/blog\/wp-content\/uploads\/2023\/09\/CI_18_Olonne-228x105.jpg 228w\" sizes=\"auto, (max-width: 1000px) 100vw, 1000px\" \/><\/a><\/figure>\n\n\n\n<figure class=\"wp-block-image size-large\"><a href=\"http:\/\/www.bouguenais-contrecourants.org\/blog\/wp-content\/uploads\/2023\/09\/CI_019_Olonne.jpg\"><img loading=\"lazy\" decoding=\"async\" width=\"1000\" height=\"563\" data-id=\"991\" src=\"http:\/\/www.bouguenais-contrecourants.org\/blog\/wp-content\/uploads\/2023\/09\/CI_019_Olonne.jpg\" alt=\"\" class=\"wp-image-991\" srcset=\"https:\/\/www.bouguenais-contrecourants.org\/blog\/wp-content\/uploads\/2023\/09\/CI_019_Olonne.jpg 1000w, https:\/\/www.bouguenais-contrecourants.org\/blog\/wp-content\/uploads\/2023\/09\/CI_019_Olonne-300x169.jpg 300w, https:\/\/www.bouguenais-contrecourants.org\/blog\/wp-content\/uploads\/2023\/09\/CI_019_Olonne-768x432.jpg 768w, https:\/\/www.bouguenais-contrecourants.org\/blog\/wp-content\/uploads\/2023\/09\/CI_019_Olonne-206x116.jpg 206w\" sizes=\"auto, (max-width: 1000px) 100vw, 1000px\" \/><\/a><\/figure>\n<\/figure>\n\n\n\n<p class=\"has-medium-font-size\">Cap vers l&rsquo;\u00eele d&rsquo;Aix<br>La m\u00e9t\u00e9o propice et l&rsquo;allure mod\u00e9r\u00e9e vont permettre d&rsquo;initier Pierre aux m\u00e9thodes de navigation traditionnelles. En particulier ici, l&rsquo;utilisation horizontale du sextant qui permet, en appliquant la technique des \u00a0\u00bbarcs capables\u00a0\u00bb, de faire un point pr\u00e9cis \u00e0 partir d&rsquo;amers terrestres. Presque aussi bien que le GPS.<\/p>\n\n\n\n<figure class=\"wp-block-gallery has-nested-images columns-default is-cropped wp-block-gallery-12 is-layout-flex wp-block-gallery-is-layout-flex\">\n<figure class=\"wp-block-image size-large\"><a href=\"http:\/\/www.bouguenais-contrecourants.org\/blog\/wp-content\/uploads\/2023\/09\/CI_020_Sextan.jpg\"><img loading=\"lazy\" decoding=\"async\" width=\"1000\" height=\"600\" data-id=\"992\" src=\"http:\/\/www.bouguenais-contrecourants.org\/blog\/wp-content\/uploads\/2023\/09\/CI_020_Sextan.jpg\" alt=\"\" class=\"wp-image-992\" srcset=\"https:\/\/www.bouguenais-contrecourants.org\/blog\/wp-content\/uploads\/2023\/09\/CI_020_Sextan.jpg 1000w, https:\/\/www.bouguenais-contrecourants.org\/blog\/wp-content\/uploads\/2023\/09\/CI_020_Sextan-300x180.jpg 300w, https:\/\/www.bouguenais-contrecourants.org\/blog\/wp-content\/uploads\/2023\/09\/CI_020_Sextan-768x461.jpg 768w, https:\/\/www.bouguenais-contrecourants.org\/blog\/wp-content\/uploads\/2023\/09\/CI_020_Sextan-193x116.jpg 193w\" sizes=\"auto, (max-width: 1000px) 100vw, 1000px\" \/><\/a><\/figure>\n<\/figure>\n\n\n\n<p class=\"has-medium-font-size\">L&rsquo;allure du vent va nous inciter \u00e0 la man\u0153uvre du SPI, mais aussi l&rsquo;arriv\u00e9e sur l&rsquo;\u00eele d&rsquo;Aix, prochaine \u00e9tape, se fera de nuit en mouillage forain. Que de d\u00e9couvertes !<\/p>\n\n\n\n<figure class=\"wp-block-gallery has-nested-images columns-default is-cropped wp-block-gallery-13 is-layout-flex wp-block-gallery-is-layout-flex\">\n<figure class=\"wp-block-image size-large\"><a href=\"http:\/\/www.bouguenais-contrecourants.org\/blog\/wp-content\/uploads\/2023\/09\/CI_021_Spi.jpg\"><img loading=\"lazy\" decoding=\"async\" width=\"449\" height=\"973\" data-id=\"993\" src=\"http:\/\/www.bouguenais-contrecourants.org\/blog\/wp-content\/uploads\/2023\/09\/CI_021_Spi.jpg\" alt=\"\" class=\"wp-image-993\" srcset=\"https:\/\/www.bouguenais-contrecourants.org\/blog\/wp-content\/uploads\/2023\/09\/CI_021_Spi.jpg 449w, https:\/\/www.bouguenais-contrecourants.org\/blog\/wp-content\/uploads\/2023\/09\/CI_021_Spi-138x300.jpg 138w, https:\/\/www.bouguenais-contrecourants.org\/blog\/wp-content\/uploads\/2023\/09\/CI_021_Spi-54x116.jpg 54w\" sizes=\"auto, (max-width: 449px) 100vw, 449px\" \/><\/a><\/figure>\n<\/figure>\n\n\n\n<p>Coucher de soleil\u2026 et lever de Lune.<\/p>\n\n\n\n<figure class=\"wp-block-gallery has-nested-images columns-default is-cropped wp-block-gallery-14 is-layout-flex wp-block-gallery-is-layout-flex\">\n<figure class=\"wp-block-image size-large\"><a href=\"http:\/\/www.bouguenais-contrecourants.org\/blog\/wp-content\/uploads\/2023\/09\/CI_022_Coucher.jpg\"><img loading=\"lazy\" decoding=\"async\" width=\"1000\" height=\"462\" data-id=\"996\" src=\"http:\/\/www.bouguenais-contrecourants.org\/blog\/wp-content\/uploads\/2023\/09\/CI_022_Coucher.jpg\" alt=\"\" class=\"wp-image-996\" srcset=\"https:\/\/www.bouguenais-contrecourants.org\/blog\/wp-content\/uploads\/2023\/09\/CI_022_Coucher.jpg 1000w, https:\/\/www.bouguenais-contrecourants.org\/blog\/wp-content\/uploads\/2023\/09\/CI_022_Coucher-300x139.jpg 300w, https:\/\/www.bouguenais-contrecourants.org\/blog\/wp-content\/uploads\/2023\/09\/CI_022_Coucher-768x355.jpg 768w, https:\/\/www.bouguenais-contrecourants.org\/blog\/wp-content\/uploads\/2023\/09\/CI_022_Coucher-228x105.jpg 228w\" sizes=\"auto, (max-width: 1000px) 100vw, 1000px\" \/><\/a><\/figure>\n\n\n\n<figure class=\"wp-block-image size-large\"><a href=\"http:\/\/www.bouguenais-contrecourants.org\/blog\/wp-content\/uploads\/2023\/09\/CI_023_Lune.jpg\"><img loading=\"lazy\" decoding=\"async\" width=\"547\" height=\"973\" data-id=\"994\" src=\"http:\/\/www.bouguenais-contrecourants.org\/blog\/wp-content\/uploads\/2023\/09\/CI_023_Lune.jpg\" alt=\"\" class=\"wp-image-994\" srcset=\"https:\/\/www.bouguenais-contrecourants.org\/blog\/wp-content\/uploads\/2023\/09\/CI_023_Lune.jpg 547w, https:\/\/www.bouguenais-contrecourants.org\/blog\/wp-content\/uploads\/2023\/09\/CI_023_Lune-169x300.jpg 169w, https:\/\/www.bouguenais-contrecourants.org\/blog\/wp-content\/uploads\/2023\/09\/CI_023_Lune-65x116.jpg 65w\" sizes=\"auto, (max-width: 547px) 100vw, 547px\" \/><\/a><\/figure>\n\n\n\n<figure class=\"wp-block-image size-large\"><a href=\"http:\/\/www.bouguenais-contrecourants.org\/blog\/wp-content\/uploads\/2023\/09\/CI_024_Nuit.jpg\"><img loading=\"lazy\" decoding=\"async\" width=\"449\" height=\"973\" data-id=\"995\" src=\"http:\/\/www.bouguenais-contrecourants.org\/blog\/wp-content\/uploads\/2023\/09\/CI_024_Nuit.jpg\" alt=\"\" class=\"wp-image-995\" srcset=\"https:\/\/www.bouguenais-contrecourants.org\/blog\/wp-content\/uploads\/2023\/09\/CI_024_Nuit.jpg 449w, https:\/\/www.bouguenais-contrecourants.org\/blog\/wp-content\/uploads\/2023\/09\/CI_024_Nuit-138x300.jpg 138w, https:\/\/www.bouguenais-contrecourants.org\/blog\/wp-content\/uploads\/2023\/09\/CI_024_Nuit-54x116.jpg 54w\" sizes=\"auto, (max-width: 449px) 100vw, 449px\" \/><\/a><\/figure>\n<\/figure>\n\n\n\n<p class=\"has-medium-font-size\">Mouillage forain sur l&rsquo;ile d&rsquo;Aix. De nuit\u2026 Qui voit les bou\u00e9es ? Pas si simple en cumulant les conditions nocturnes, le clapot, les courants marins\u2026 mais avec 4 paires d&rsquo;yeux, on s&rsquo;en sort plut\u00f4t bien. Le courant sera tel, que le d\u00e9barquement sur l&rsquo;\u00eele ne sera pas raisonnablement possible.<br>Le petit navire va bon train, mais il ne faut pas oublier son entretien. Assez vaste en d\u00e9finitive.&nbsp;<\/p>\n\n\n\n<figure class=\"wp-block-gallery has-nested-images columns-default is-cropped wp-block-gallery-15 is-layout-flex wp-block-gallery-is-layout-flex\">\n<figure class=\"wp-block-image size-large\"><a href=\"http:\/\/www.bouguenais-contrecourants.org\/blog\/wp-content\/uploads\/2023\/09\/CI_25_frigo.jpg\"><img loading=\"lazy\" decoding=\"async\" width=\"324\" height=\"575\" data-id=\"999\" src=\"http:\/\/www.bouguenais-contrecourants.org\/blog\/wp-content\/uploads\/2023\/09\/CI_25_frigo.jpg\" alt=\"\" class=\"wp-image-999\" srcset=\"https:\/\/www.bouguenais-contrecourants.org\/blog\/wp-content\/uploads\/2023\/09\/CI_25_frigo.jpg 324w, https:\/\/www.bouguenais-contrecourants.org\/blog\/wp-content\/uploads\/2023\/09\/CI_25_frigo-169x300.jpg 169w, https:\/\/www.bouguenais-contrecourants.org\/blog\/wp-content\/uploads\/2023\/09\/CI_25_frigo-65x116.jpg 65w\" sizes=\"auto, (max-width: 324px) 100vw, 324px\" \/><\/a><figcaption class=\"wp-element-caption\">Thermostat du r\u00e9frig\u00e9rateur, r\u00e9calcitrant<\/figcaption><\/figure>\n\n\n\n<figure class=\"wp-block-image size-large\"><a href=\"http:\/\/www.bouguenais-contrecourants.org\/blog\/wp-content\/uploads\/2023\/09\/CI_026_Helice.jpg\"><img loading=\"lazy\" decoding=\"async\" width=\"516\" height=\"575\" data-id=\"998\" src=\"http:\/\/www.bouguenais-contrecourants.org\/blog\/wp-content\/uploads\/2023\/09\/CI_026_Helice.jpg\" alt=\"\" class=\"wp-image-998\" srcset=\"https:\/\/www.bouguenais-contrecourants.org\/blog\/wp-content\/uploads\/2023\/09\/CI_026_Helice.jpg 516w, https:\/\/www.bouguenais-contrecourants.org\/blog\/wp-content\/uploads\/2023\/09\/CI_026_Helice-269x300.jpg 269w, https:\/\/www.bouguenais-contrecourants.org\/blog\/wp-content\/uploads\/2023\/09\/CI_026_Helice-104x116.jpg 104w\" sizes=\"auto, (max-width: 516px) 100vw, 516px\" \/><\/a><figcaption class=\"wp-element-caption\">faudrait aussi inspecter l&rsquo;h\u00e9lice\u2026 (petit dessin)<\/figcaption><\/figure>\n\n\n\n<figure class=\"wp-block-image size-large\"><a href=\"http:\/\/www.bouguenais-contrecourants.org\/blog\/wp-content\/uploads\/2023\/09\/CI_027_Maintenance.jpg\"><img loading=\"lazy\" decoding=\"async\" width=\"430\" height=\"663\" data-id=\"997\" src=\"http:\/\/www.bouguenais-contrecourants.org\/blog\/wp-content\/uploads\/2023\/09\/CI_027_Maintenance.jpg\" alt=\"\" class=\"wp-image-997\" srcset=\"https:\/\/www.bouguenais-contrecourants.org\/blog\/wp-content\/uploads\/2023\/09\/CI_027_Maintenance.jpg 430w, https:\/\/www.bouguenais-contrecourants.org\/blog\/wp-content\/uploads\/2023\/09\/CI_027_Maintenance-195x300.jpg 195w, https:\/\/www.bouguenais-contrecourants.org\/blog\/wp-content\/uploads\/2023\/09\/CI_027_Maintenance-75x116.jpg 75w\" sizes=\"auto, (max-width: 430px) 100vw, 430px\" \/><\/a><figcaption class=\"wp-element-caption\">Puis niveau d&rsquo;huile du r\u00e9ducteur<\/figcaption><\/figure>\n<\/figure>\n\n\n\n<p class=\"has-medium-font-size\">De l&rsquo;\u00eele d&rsquo;Aix vers Rochefort. M\u00e9t\u00e9o instable. Mais paysages magnifiques.<\/p>\n\n\n\n<figure class=\"wp-block-gallery has-nested-images columns-default is-cropped wp-block-gallery-16 is-layout-flex wp-block-gallery-is-layout-flex\">\n<figure class=\"wp-block-image size-full\"><a href=\"http:\/\/www.bouguenais-contrecourants.org\/blog\/wp-content\/uploads\/2023\/09\/CI_028_Charente.jpg\"><img loading=\"lazy\" decoding=\"async\" width=\"1000\" height=\"562\" data-id=\"1001\" src=\"http:\/\/www.bouguenais-contrecourants.org\/blog\/wp-content\/uploads\/2023\/09\/CI_028_Charente.jpg\" alt=\"\" class=\"wp-image-1001\" srcset=\"https:\/\/www.bouguenais-contrecourants.org\/blog\/wp-content\/uploads\/2023\/09\/CI_028_Charente.jpg 1000w, https:\/\/www.bouguenais-contrecourants.org\/blog\/wp-content\/uploads\/2023\/09\/CI_028_Charente-300x169.jpg 300w, https:\/\/www.bouguenais-contrecourants.org\/blog\/wp-content\/uploads\/2023\/09\/CI_028_Charente-768x432.jpg 768w, https:\/\/www.bouguenais-contrecourants.org\/blog\/wp-content\/uploads\/2023\/09\/CI_028_Charente-206x116.jpg 206w\" sizes=\"auto, (max-width: 1000px) 100vw, 1000px\" \/><\/a><\/figure>\n<\/figure>\n\n\n\n<p class=\"has-medium-font-size\">Entr\u00e9e en Charente, cap Rochefort (ici Fort Lupin)<\/p>\n\n\n\n<figure class=\"wp-block-gallery has-nested-images columns-default is-cropped wp-block-gallery-17 is-layout-flex wp-block-gallery-is-layout-flex\">\n<figure class=\"wp-block-image size-large\"><a href=\"http:\/\/www.bouguenais-contrecourants.org\/blog\/wp-content\/uploads\/2023\/09\/CI_029_Fort_Lupin.jpg\"><img loading=\"lazy\" decoding=\"async\" width=\"1000\" height=\"563\" data-id=\"1002\" src=\"http:\/\/www.bouguenais-contrecourants.org\/blog\/wp-content\/uploads\/2023\/09\/CI_029_Fort_Lupin.jpg\" alt=\"\" class=\"wp-image-1002\" srcset=\"https:\/\/www.bouguenais-contrecourants.org\/blog\/wp-content\/uploads\/2023\/09\/CI_029_Fort_Lupin.jpg 1000w, https:\/\/www.bouguenais-contrecourants.org\/blog\/wp-content\/uploads\/2023\/09\/CI_029_Fort_Lupin-300x169.jpg 300w, https:\/\/www.bouguenais-contrecourants.org\/blog\/wp-content\/uploads\/2023\/09\/CI_029_Fort_Lupin-768x432.jpg 768w, https:\/\/www.bouguenais-contrecourants.org\/blog\/wp-content\/uploads\/2023\/09\/CI_029_Fort_Lupin-206x116.jpg 206w\" sizes=\"auto, (max-width: 1000px) 100vw, 1000px\" \/><\/a><\/figure>\n<\/figure>\n\n\n\n<p class=\"has-medium-font-size\">La p\u00eache au carrelet<\/p>\n\n\n\n<figure class=\"wp-block-gallery has-nested-images columns-default is-cropped wp-block-gallery-18 is-layout-flex wp-block-gallery-is-layout-flex\">\n<figure class=\"wp-block-image size-large\"><a href=\"http:\/\/www.bouguenais-contrecourants.org\/blog\/wp-content\/uploads\/2023\/09\/CI_030_Carrelet.jpg\"><img loading=\"lazy\" decoding=\"async\" width=\"1000\" height=\"563\" data-id=\"1004\" src=\"http:\/\/www.bouguenais-contrecourants.org\/blog\/wp-content\/uploads\/2023\/09\/CI_030_Carrelet.jpg\" alt=\"\" class=\"wp-image-1004\" srcset=\"https:\/\/www.bouguenais-contrecourants.org\/blog\/wp-content\/uploads\/2023\/09\/CI_030_Carrelet.jpg 1000w, https:\/\/www.bouguenais-contrecourants.org\/blog\/wp-content\/uploads\/2023\/09\/CI_030_Carrelet-300x169.jpg 300w, https:\/\/www.bouguenais-contrecourants.org\/blog\/wp-content\/uploads\/2023\/09\/CI_030_Carrelet-768x432.jpg 768w, https:\/\/www.bouguenais-contrecourants.org\/blog\/wp-content\/uploads\/2023\/09\/CI_030_Carrelet-206x116.jpg 206w\" sizes=\"auto, (max-width: 1000px) 100vw, 1000px\" \/><\/a><\/figure>\n\n\n\n<figure class=\"wp-block-image size-large\"><a href=\"http:\/\/www.bouguenais-contrecourants.org\/blog\/wp-content\/uploads\/2023\/09\/CI_031_Carrelet.jpg\"><img loading=\"lazy\" decoding=\"async\" width=\"1000\" height=\"563\" data-id=\"1003\" src=\"http:\/\/www.bouguenais-contrecourants.org\/blog\/wp-content\/uploads\/2023\/09\/CI_031_Carrelet.jpg\" alt=\"\" class=\"wp-image-1003\" srcset=\"https:\/\/www.bouguenais-contrecourants.org\/blog\/wp-content\/uploads\/2023\/09\/CI_031_Carrelet.jpg 1000w, https:\/\/www.bouguenais-contrecourants.org\/blog\/wp-content\/uploads\/2023\/09\/CI_031_Carrelet-300x169.jpg 300w, https:\/\/www.bouguenais-contrecourants.org\/blog\/wp-content\/uploads\/2023\/09\/CI_031_Carrelet-768x432.jpg 768w, https:\/\/www.bouguenais-contrecourants.org\/blog\/wp-content\/uploads\/2023\/09\/CI_031_Carrelet-206x116.jpg 206w\" sizes=\"auto, (max-width: 1000px) 100vw, 1000px\" \/><\/a><\/figure>\n<\/figure>\n\n\n\n<p class=\"has-medium-font-size\">L&rsquo;entr\u00e9e du port de Rochefort, et un navire marchand, surprenant.<\/p>\n\n\n\n<figure class=\"wp-block-gallery has-nested-images columns-default is-cropped wp-block-gallery-19 is-layout-flex wp-block-gallery-is-layout-flex\">\n<figure class=\"wp-block-image size-large\"><a href=\"http:\/\/www.bouguenais-contrecourants.org\/blog\/wp-content\/uploads\/2023\/09\/CI_32_Ecluse_Rochefort.jpg\"><img loading=\"lazy\" decoding=\"async\" width=\"563\" height=\"1000\" data-id=\"1005\" src=\"http:\/\/www.bouguenais-contrecourants.org\/blog\/wp-content\/uploads\/2023\/09\/CI_32_Ecluse_Rochefort.jpg\" alt=\"\" class=\"wp-image-1005\" srcset=\"https:\/\/www.bouguenais-contrecourants.org\/blog\/wp-content\/uploads\/2023\/09\/CI_32_Ecluse_Rochefort.jpg 563w, https:\/\/www.bouguenais-contrecourants.org\/blog\/wp-content\/uploads\/2023\/09\/CI_32_Ecluse_Rochefort-169x300.jpg 169w, https:\/\/www.bouguenais-contrecourants.org\/blog\/wp-content\/uploads\/2023\/09\/CI_32_Ecluse_Rochefort-65x116.jpg 65w\" sizes=\"auto, (max-width: 563px) 100vw, 563px\" \/><\/a><\/figure>\n\n\n\n<figure class=\"wp-block-image size-large\"><a href=\"http:\/\/www.bouguenais-contrecourants.org\/blog\/wp-content\/uploads\/2023\/09\/CI_033_Rochefort.jpg\"><img loading=\"lazy\" decoding=\"async\" width=\"1000\" height=\"562\" data-id=\"1006\" src=\"http:\/\/www.bouguenais-contrecourants.org\/blog\/wp-content\/uploads\/2023\/09\/CI_033_Rochefort.jpg\" alt=\"\" class=\"wp-image-1006\" srcset=\"https:\/\/www.bouguenais-contrecourants.org\/blog\/wp-content\/uploads\/2023\/09\/CI_033_Rochefort.jpg 1000w, https:\/\/www.bouguenais-contrecourants.org\/blog\/wp-content\/uploads\/2023\/09\/CI_033_Rochefort-300x169.jpg 300w, https:\/\/www.bouguenais-contrecourants.org\/blog\/wp-content\/uploads\/2023\/09\/CI_033_Rochefort-768x432.jpg 768w, https:\/\/www.bouguenais-contrecourants.org\/blog\/wp-content\/uploads\/2023\/09\/CI_033_Rochefort-206x116.jpg 206w\" sizes=\"auto, (max-width: 1000px) 100vw, 1000px\" \/><\/a><\/figure>\n<\/figure>\n\n\n\n<p class=\"has-medium-font-size\">La ville de Rochefort et son port : magnifiques !<\/p>\n\n\n\n<figure class=\"wp-block-gallery has-nested-images columns-default is-cropped wp-block-gallery-20 is-layout-flex wp-block-gallery-is-layout-flex\">\n<figure class=\"wp-block-image size-full\"><a href=\"http:\/\/www.bouguenais-contrecourants.org\/blog\/wp-content\/uploads\/2023\/09\/CI_034_Marchande.jpg\"><img loading=\"lazy\" decoding=\"async\" width=\"1000\" height=\"563\" data-id=\"1008\" src=\"http:\/\/www.bouguenais-contrecourants.org\/blog\/wp-content\/uploads\/2023\/09\/CI_034_Marchande.jpg\" alt=\"\" class=\"wp-image-1008\" srcset=\"https:\/\/www.bouguenais-contrecourants.org\/blog\/wp-content\/uploads\/2023\/09\/CI_034_Marchande.jpg 1000w, https:\/\/www.bouguenais-contrecourants.org\/blog\/wp-content\/uploads\/2023\/09\/CI_034_Marchande-300x169.jpg 300w, https:\/\/www.bouguenais-contrecourants.org\/blog\/wp-content\/uploads\/2023\/09\/CI_034_Marchande-768x432.jpg 768w, https:\/\/www.bouguenais-contrecourants.org\/blog\/wp-content\/uploads\/2023\/09\/CI_034_Marchande-206x116.jpg 206w\" sizes=\"auto, (max-width: 1000px) 100vw, 1000px\" \/><\/a><\/figure>\n<\/figure>\n\n\n\n<p class=\"has-medium-font-size\">Remerciements aux Fondateurs de BBC, aux Continuateurs, au Capitaine du moment, qui nous ont permis la d\u00e9couverte de ce loisir, aux larges et nombreuses implications.<\/p>\n","protected":false},"excerpt":{"rendered":"<p>\u00c9tape 1, du Crouesty \u00e0 Rochefort, d\u00e9part 16 Juillet 2023\u00a0Les acteurs\u2026Ad\u00e9la\u00efde, charmante \u00c9quipi\u00e8re, \u00e0 la d\u00e9couverte d&rsquo;une nouvelle activit\u00e9 ;Claude, [&hellip;]<\/p>\n","protected":false},"author":1,"featured_media":1009,"comment_status":"open","ping_status":"closed","sticky":false,"template":"","format":"standard","meta":{"advgb_blocks_editor_width":"","advgb_blocks_columns_visual_guide":"","site-sidebar-layout":"default","site-content-layout":"","ast-site-content-layout":"default","site-content-style":"default","site-sidebar-style":"default","ast-global-header-display":"","ast-banner-title-visibility":"","ast-main-header-display":"","ast-hfb-above-header-display":"","ast-hfb-below-header-display":"","ast-hfb-mobile-header-display":"","site-post-title":"","ast-breadcrumbs-content":"","ast-featured-img":"","footer-sml-layout":"","ast-disable-related-posts":"","theme-transparent-header-meta":"","adv-header-id-meta":"","stick-header-meta":"","header-above-stick-meta":"","header-main-stick-meta":"","header-below-stick-meta":"","astra-migrate-meta-layouts":"set","ast-page-background-enabled":"default","ast-page-background-meta":{"desktop":{"background-color":"var(--ast-global-color-4)","background-image":"","background-repeat":"repeat","background-position":"center center","background-size":"auto","background-attachment":"scroll","background-type":"","background-media":"","overlay-type":"","overlay-color":"","overlay-opacity":"","overlay-gradient":""},"tablet":{"background-color":"","background-image":"","background-repeat":"repeat","background-position":"center center","background-size":"auto","background-attachment":"scroll","background-type":"","background-media":"","overlay-type":"","overlay-color":"","overlay-opacity":"","overlay-gradient":""},"mobile":{"background-color":"","background-image":"","background-repeat":"repeat","background-position":"center center","background-size":"auto","background-attachment":"scroll","background-type":"","background-media":"","overlay-type":"","overlay-color":"","overlay-opacity":"","overlay-gradient":""}},"ast-content-background-meta":{"desktop":{"background-color":"var(--ast-global-color-5)","background-image":"","background-repeat":"repeat","background-position":"center center","background-size":"auto","background-attachment":"scroll","background-type":"","background-media":"","overlay-type":"","overlay-color":"","overlay-opacity":"","overlay-gradient":""},"tablet":{"background-color":"var(--ast-global-color-5)","background-image":"","background-repeat":"repeat","background-position":"center center","background-size":"auto","background-attachment":"scroll","background-type":"","background-media":"","overlay-type":"","overlay-color":"","overlay-opacity":"","overlay-gradient":""},"mobile":{"background-color":"var(--ast-global-color-5)","background-image":"","background-repeat":"repeat","background-position":"center center","background-size":"auto","background-attachment":"scroll","background-type":"","background-media":"","overlay-type":"","overlay-color":"","overlay-opacity":"","overlay-gradient":""}},"ngg_post_thumbnail":0,"_jetpack_memberships_contains_paid_content":false,"footnotes":""},"categories":[4],"tags":[],"class_list":["post-973","post","type-post","status-publish","format-standard","has-post-thumbnail","hentry","category-breves-de-navigation"],"author_meta":{"display_name":"bouguenaorbccvdb","author_link":"https:\/\/www.bouguenais-contrecourants.org\/blog\/index.php\/author\/bouguenaorbccvdb\/"},"featured_img":"https:\/\/www.bouguenais-contrecourants.org\/blog\/wp-content\/uploads\/2023\/09\/CI_034_Marchande-copie-300x169.jpg","jetpack_featured_media_url":"https:\/\/www.bouguenais-contrecourants.org\/blog\/wp-content\/uploads\/2023\/09\/CI_034_Marchande-copie.jpg","coauthors":[],"tax_additional":{"categories":{"linked":["<a href=\"https:\/\/www.bouguenais-contrecourants.org\/blog\/index.php\/category\/breves-de-navigation\/\" class=\"advgb-post-tax-term\">Br\u00e8ves de navigation voile oc\u00e9an<\/a>"],"unlinked":["<span class=\"advgb-post-tax-term\">Br\u00e8ves de navigation voile oc\u00e9an<\/span>"]}},"comment_count":"0","relative_dates":{"created":"Publi\u00e9 3 ans il y a","modified":"Mis \u00e0 jour 3 ans il y a"},"absolute_dates":{"created":"Publi\u00e9 le 11 septembre 2023","modified":"Mise \u00e0 jour le 13 septembre 2023"},"absolute_dates_time":{"created":"Publi\u00e9 le 11 septembre 2023 19h18","modified":"Mise \u00e0 jour le 13 septembre 2023 8h45"},"featured_img_caption":"","series_order":"","jetpack_sharing_enabled":true,"_links":{"self":[{"href":"https:\/\/www.bouguenais-contrecourants.org\/blog\/index.php\/wp-json\/wp\/v2\/posts\/973","targetHints":{"allow":["GET"]}}],"collection":[{"href":"https:\/\/www.bouguenais-contrecourants.org\/blog\/index.php\/wp-json\/wp\/v2\/posts"}],"about":[{"href":"https:\/\/www.bouguenais-contrecourants.org\/blog\/index.php\/wp-json\/wp\/v2\/types\/post"}],"author":[{"embeddable":true,"href":"https:\/\/www.bouguenais-contrecourants.org\/blog\/index.php\/wp-json\/wp\/v2\/users\/1"}],"replies":[{"embeddable":true,"href":"https:\/\/www.bouguenais-contrecourants.org\/blog\/index.php\/wp-json\/wp\/v2\/comments?post=973"}],"version-history":[{"count":4,"href":"https:\/\/www.bouguenais-contrecourants.org\/blog\/index.php\/wp-json\/wp\/v2\/posts\/973\/revisions"}],"predecessor-version":[{"id":1016,"href":"https:\/\/www.bouguenais-contrecourants.org\/blog\/index.php\/wp-json\/wp\/v2\/posts\/973\/revisions\/1016"}],"wp:featuredmedia":[{"embeddable":true,"href":"https:\/\/www.bouguenais-contrecourants.org\/blog\/index.php\/wp-json\/wp\/v2\/media\/1009"}],"wp:attachment":[{"href":"https:\/\/www.bouguenais-contrecourants.org\/blog\/index.php\/wp-json\/wp\/v2\/media?parent=973"}],"wp:term":[{"taxonomy":"category","embeddable":true,"href":"https:\/\/www.bouguenais-contrecourants.org\/blog\/index.php\/wp-json\/wp\/v2\/categories?post=973"},{"taxonomy":"post_tag","embeddable":true,"href":"https:\/\/www.bouguenais-contrecourants.org\/blog\/index.php\/wp-json\/wp\/v2\/tags?post=973"}],"curies":[{"name":"wp","href":"https:\/\/api.w.org\/{rel}","templated":true}]}}